{"id":827,"date":"2022-03-22T12:15:38","date_gmt":"2022-03-22T12:15:38","guid":{"rendered":"https:\/\/www.comunicarigualdad.com.ar\/agenciaceci\/?p=827"},"modified":"2022-09-06T14:43:06","modified_gmt":"2022-09-06T14:43:06","slug":"herramientas-para-la-democratizacion-interna-de-las-organizaciones","status":"publish","type":"post","link":"https:\/\/www.comunicarigualdad.com.ar\/agenciaceci\/2022\/03\/22\/herramientas-para-la-democratizacion-interna-de-las-organizaciones\/","title":{"rendered":"Herramientas para la democratizaci\u00f3n interna de las organizaciones"},"content":{"rendered":"\n<p>Colaboramos con la organizaci\u00f3n<strong> <a rel=\"noreferrer noopener\" href=\"https:\/\/www.sembramedia.org\/\" target=\"_blank\">Sembramedia<\/a><\/strong> en el dise\u00f1o de herramientas internas sobre g\u00e9nero y diversidad cuyo objetivo fue unificar criterios y establecer procesos ante eventuales situaciones que requirieran intervenci\u00f3n.<\/p>\n\n\n\n<figure class=\"wp-block-image size-full\"><img fetchpriority=\"high\" decoding=\"async\" width=\"957\" height=\"404\" src=\"https:\/\/www.comunicarigualdad.com.ar\/agenciaceci\/wp-content\/uploads\/2022\/03\/sm-herramientas.jpg\" alt=\"\" class=\"wp-image-828\" srcset=\"https:\/\/www.comunicarigualdad.com.ar\/agenciaceci\/wp-content\/uploads\/2022\/03\/sm-herramientas.jpg 957w, https:\/\/www.comunicarigualdad.com.ar\/agenciaceci\/wp-content\/uploads\/2022\/03\/sm-herramientas-300x127.jpg 300w, https:\/\/www.comunicarigualdad.com.ar\/agenciaceci\/wp-content\/uploads\/2022\/03\/sm-herramientas-768x324.jpg 768w\" sizes=\"(max-width: 957px) 100vw, 957px\" \/><\/figure>\n","protected":false},"excerpt":{"rendered":"<p>Colaboramos con la organizaci\u00f3n Sembramedia en el dise\u00f1o de herramientas internas sobre g\u00e9nero y diversidad cuyo objetivo fue unificar criterios y establecer procesos ante eventuales situaciones que requirieran intervenci\u00f3n.<\/p>\n","protected":false},"author":3,"featured_media":837,"comment_status":"open","ping_status":"open","sticky":false,"template":"","format":"standard","meta":{"_acf_changed":false,"footnotes":""},"categories":[1],"tags":[],"class_list":["post-827","post","type-post","status-publish","format-standard","has-post-thumbnail","hentry","category-uncategorized"],"acf":[],"_links":{"self":[{"href":"https:\/\/www.comunicarigualdad.com.ar\/agenciaceci\/wp-json\/wp\/v2\/posts\/827","targetHints":{"allow":["GET"]}}],"collection":[{"href":"https:\/\/www.comunicarigualdad.com.ar\/agenciaceci\/wp-json\/wp\/v2\/posts"}],"about":[{"href":"https:\/\/www.comunicarigualdad.com.ar\/agenciaceci\/wp-json\/wp\/v2\/types\/post"}],"author":[{"embeddable":true,"href":"https:\/\/www.comunicarigualdad.com.ar\/agenciaceci\/wp-json\/wp\/v2\/users\/3"}],"replies":[{"embeddable":true,"href":"https:\/\/www.comunicarigualdad.com.ar\/agenciaceci\/wp-json\/wp\/v2\/comments?post=827"}],"version-history":[{"count":4,"href":"https:\/\/www.comunicarigualdad.com.ar\/agenciaceci\/wp-json\/wp\/v2\/posts\/827\/revisions"}],"predecessor-version":[{"id":842,"href":"https:\/\/www.comunicarigualdad.com.ar\/agenciaceci\/wp-json\/wp\/v2\/posts\/827\/revisions\/842"}],"wp:featuredmedia":[{"embeddable":true,"href":"https:\/\/www.comunicarigualdad.com.ar\/agenciaceci\/wp-json\/wp\/v2\/media\/837"}],"wp:attachment":[{"href":"https:\/\/www.comunicarigualdad.com.ar\/agenciaceci\/wp-json\/wp\/v2\/media?parent=827"}],"wp:term":[{"taxonomy":"category","embeddable":true,"href":"https:\/\/www.comunicarigualdad.com.ar\/agenciaceci\/wp-json\/wp\/v2\/categories?post=827"},{"taxonomy":"post_tag","embeddable":true,"href":"https:\/\/www.comunicarigualdad.com.ar\/agenciaceci\/wp-json\/wp\/v2\/tags?post=827"}],"curies":[{"name":"wp","href":"https:\/\/api.w.org\/{rel}","templated":true}]}}