{"id":500,"date":"2017-03-13T16:23:14","date_gmt":"2017-03-13T16:23:14","guid":{"rendered":"http:\/\/www.comunicarigualdad.com.ar\/empresas\/?p=500"},"modified":"2018-09-24T17:08:16","modified_gmt":"2018-09-24T17:08:16","slug":"las-audiencias-ponen-limites-al-sexismo-publicitario","status":"publish","type":"post","link":"https:\/\/www.comunicarigualdad.com.ar\/agenciaceci\/2017\/03\/13\/las-audiencias-ponen-limites-al-sexismo-publicitario\/","title":{"rendered":"Las audiencias ponen l\u00edmites al sexismo publicitario"},"content":{"rendered":"<p>&nbsp;<\/p>\n<h5><strong>En los \u00faltimos a\u00f1os ha aumentado en Argentina y el resto de Iboeram\u00e9rica el rechazo al sexismo publicitario. De la mano de una mayor conciencia y sensibilidad de las poblaciones sobre los derechos humanos vinculados a temas de g\u00e9nero, que en muchos pa\u00edses tiene correlato en normas que tipifican la violencia medi\u00e1tica y el sexismo en los medios, las audiencias han logrado que diversas campa\u00f1as sean modificadas e incluso desestimadas por agencias y empresas. Una creciente ciudadan\u00eda comunicacional, potenciada por las redes sociales, recorre la regi\u00f3n.<\/strong><\/h5>\n<p><strong>COMUNICACI\u00d3N PARA LA IGUALDAD-<\/strong>\u00a0En los \u00faltimos a\u00f1os, las audiencias han alcanzado importantes niveles de sensibilidad y concientizaci\u00f3n acerca del da\u00f1o que producen las pr\u00e1cticas sexistas en todos los \u00e1mbitos de la vida social. La publicidad es una gran fuente creadora y reproductora de mensajes discriminatorios hacia las mujeres y, como tal, se est\u00e1 convirtiendo en un discurso observado y cuestionado cada vez con mayor fuerza. <strong>En Argentina, afortunadamente ya son muchos los casos en que el p\u00fablico consigui\u00f3 modificar las miradas machistas de empresas y agencias de publicidad.<\/strong> Y son diversas tambi\u00e9n las herramientas que se fueron construyendo para lograrlo: <strong>grupos de repudio en redes sociales, reclamos frente a organismo del Estado, denuncias penales en la Justicia, proyectos de repudio en las legislaturas de distintos niveles, boicots comerciales a las marcas sexistas.<\/strong> Todas ellas promovidas por miles de personas particulares y tambi\u00e9n por organizaciones y asociaciones de defensa de los derechos humanos.<\/p>\n<p>\u00bfQu\u00e9 se logr\u00f3? Que se suspendiera la difusi\u00f3n de campa\u00f1as y anuncios sexistas, que se tuvieran que modificar escenas para que las marcas pudieran continuar con algunas campa\u00f1as &#8211;con la consiguiente p\u00e9rdida econ\u00f3mica-, que se visibilizaran las agencias que produjeron spots machistas, que compa\u00f1\u00edas y agencias se disculparan p\u00fablicamente y, lo m\u00e1s importante, que <strong>muchos y muchas anunciantes y agencias reflexionaran acerca de los estereotipos de g\u00e9nero y las ideas sexistas que est\u00e1n utilizando en sus comunicaciones.<\/strong><\/p>\n<p>Entre las primeras manifestaciones resonantes de rechazo social frente al sexismo publicitario en Argentina se registran, en abril de 2009, las denuncias contra la campa\u00f1a \u00abCazadores por instinto\u00bb del desodorante masculino Axe de la empresa anglo-holandesa Unilever. Ideada por la agencia Ponce Buenos Aires para la fragancia \u00abAxe Instinct\u00bb, la campa\u00f1a incluy\u00f3 spots en televisi\u00f3n, radio e internet. En el soporte web se desarroll\u00f3 un juego interactivo que posicionaba al var\u00f3n como un hombre de las cavernas y lo invitaba a cazar mujeres d\u00e1ndoles \u00abgarrotazos de amor\u00bb. Las mujeres se encontraban estereotipadas en grupos de \u00abpresas\u00bb caracterizados de maneras gravemente ofensivas y discriminatorias, tales como \u00abRubius te\u00f1idus\u00bb, \u00abGatus deliciosus\u00bb y \u00abViejitum tuneadus\u00bb.<\/p>\n<p><a href=\"https:\/\/www.comunicarigualdad.com.ar\/agenciaceci\/wp-content\/uploads\/2017\/03\/Imagen-1-Axe.jpg\"><img fetchpriority=\"high\" decoding=\"async\" class=\"aligncenter wp-image-501 size-full\" src=\"https:\/\/www.comunicarigualdad.com.ar\/agenciaceci\/wp-content\/uploads\/2017\/03\/Imagen-1-Axe.jpg\" alt=\"\" width=\"786\" height=\"466\" srcset=\"https:\/\/www.comunicarigualdad.com.ar\/agenciaceci\/wp-content\/uploads\/2017\/03\/Imagen-1-Axe.jpg 786w, https:\/\/www.comunicarigualdad.com.ar\/agenciaceci\/wp-content\/uploads\/2017\/03\/Imagen-1-Axe-300x178.jpg 300w, https:\/\/www.comunicarigualdad.com.ar\/agenciaceci\/wp-content\/uploads\/2017\/03\/Imagen-1-Axe-768x455.jpg 768w\" sizes=\"(max-width: 786px) 100vw, 786px\" \/><\/a><\/p>\n<p>&nbsp;<\/p>\n<p>Las primeras en reaccionar fueron distintas legisladoras de diversos partidos pol\u00edticos, que denunciaron el juego ante instituciones oficiales. Organizaciones de defensa de los derechos humanos como Amnist\u00eda Internacional se sumaron al rechazo p\u00fablico. La acci\u00f3n publicitaria tambi\u00e9n fue objeto de una denuncia penal ante la Justicia por instigaci\u00f3n al delito y en el Congreso de la Naci\u00f3n se promovi\u00f3 un proyecto de repudio. Los <strong>distintos sectores coincid\u00edan en exigir que la empresa reflexionara sobre los contenidos altamente discriminatorios, sexistas y de apolog\u00eda del uso de violencia contra la mujer que estaba difundiendo y solicitaron el levantamiento de la campa\u00f1a de todos los medios de comunicaci\u00f3n<\/strong>. Los reclamos frente a esta campa\u00f1a, producida espec\u00edficamente para Argentina, tuvieron cobertura en diferentes medios digitales de nivel internacional. En respuesta la compa\u00f1\u00eda intent\u00f3 explicar, a trav\u00e9s de un comunicado, que se trataba de recursos habituales de la publicidad tales como el humor, la exageraci\u00f3n y la apelaci\u00f3n a situaciones ficticias. Pero dada la magnitud de las repercusiones negativas y el da\u00f1o de la imagen de marca, decidi\u00f3 dar de baja la web con el juego virtual.<\/p>\n<p><a href=\"https:\/\/www.comunicarigualdad.com.ar\/agenciaceci\/wp-content\/uploads\/2017\/03\/Imagen-2-Fiorucci.jpg\"><img decoding=\"async\" class=\"alignleft size-medium wp-image-502\" src=\"https:\/\/www.comunicarigualdad.com.ar\/agenciaceci\/wp-content\/uploads\/2017\/03\/Imagen-2-Fiorucci-300x160.jpg\" alt=\"\" width=\"300\" height=\"160\" srcset=\"https:\/\/www.comunicarigualdad.com.ar\/agenciaceci\/wp-content\/uploads\/2017\/03\/Imagen-2-Fiorucci-300x160.jpg 300w, https:\/\/www.comunicarigualdad.com.ar\/agenciaceci\/wp-content\/uploads\/2017\/03\/Imagen-2-Fiorucci.jpg 700w\" sizes=\"(max-width: 300px) 100vw, 300px\" \/><\/a><\/p>\n<p>&nbsp;<\/p>\n<p>En 2011 fue el turno de la publicidad en v\u00eda p\u00fablica. La marca de j<strong>eans Fiorucci<\/strong> paut\u00f3 una gigantograf\u00eda en la ciudad de Rosario, que mostraba un plano detalle de la cola desnuda de una mujer, sobre la que se observaban sus manos sujetas con esposas. La ONG Las Juanas, un colectivo que trabaja sobre derechos humanos de las mujeres, inici\u00f3 un cuestionamiento que deriv\u00f3 en una presentaci\u00f3n en la legislatura municipal y en un <strong>llamado a no comprar productos de empresas que utilizan comunicaciones publicitarias sexistas.<\/strong> Por su parte la Red PAR (Periodistas de Argentina en Red por una comunicaci\u00f3n no sexista) expres\u00f3 su repudio hacia este mensaje que banalizaba el sometimiento de las mujeres, la privaci\u00f3n ileg\u00edtima de la libertad e incluso las pr\u00e1cticas de esclavitud sexual. Fueron muchxs lxs ciudadanoxs que, especialmente a trav\u00e9s de las redes sociales, manifestaron su adhesi\u00f3n al repudio y al boicot comercial.<\/p>\n<p>En 2012, la <strong>cerveza Schneider<\/strong> lanz\u00f3, con la propuesta creativa de la agencia Ogilvy &amp; Mather Argentina, la campa\u00f1a \u00abPerd\u00f3n\u00bb. En ese momento quienes estaban a cargo de la Direcci\u00f3n Creativa de la agencia expresaron a un medio especializado que \u00abde alguna forma &#8216;Perd\u00f3n&#8217; es el primer comercial para mujeres de la categor\u00eda, y nos gusta mucho eso. &#8216;Perd\u00f3n&#8217; es una sincera disculpa del g\u00e9nero masculino a las mujeres por nuestra inmadurez y nuestro machismo\u00bb. <strong>Uno de los spots principales, sin embargo, trivializaba el acoso y el abuso sexual &#8211;siempre apelando a la carta del humor- al mostrar a un var\u00f3n que pide perd\u00f3n a una chica en la entrada de un hotel alojamiento, \u00abpor pensar que un &#8216;no&#8217; es un &#8216;s\u00ed&#8217; \u00ab<\/strong>. Esta escena comenz\u00f3 a cosechar cr\u00edticas en la web, pero la oleada de repudios se desat\u00f3 en 2013, cuando la campa\u00f1a estren\u00f3 un afiche de v\u00eda p\u00fablica con la leyenda \u00ab#Perd\u00f3n Por buscar el roce arriba del bondi\u00bb. El p\u00fablico reaccion\u00f3 con un fuerte rechazo frente a tal minimizaci\u00f3n del acoso y la violencia sexual que experimenta la amplia mayor\u00eda de las mujeres en la calle y en el transporte p\u00fablico, modalidades de la violencia de g\u00e9nero que, por si todo fuera poco, afectan particularmente a ni\u00f1as y adolescentes. De inmediato se cre\u00f3 el grupo \u00abRepudio a la campa\u00f1a en v\u00eda p\u00fablica de cerveza Schneider\u00bb en Facebook y se present\u00f3 una denuncia en el Instituto Nacional contra la Discriminaci\u00f3n, la Xenofobia y el Racismo (INADI), organismo que consider\u00f3 que, efectivamente, el aviso banalizaba \u00abuna pr\u00e1ctica denigrante, como lo es el acoso sexual que se ejerce en el transporte p\u00fablico\u00bb. Tanto de parte de quienes dirigen la empresa como desde la agencia de publicidad se inform\u00f3, a trav\u00e9s de comunicados en la misma red social, los pedidos de disculpas correspondientes y la discontinuaci\u00f3n de la campa\u00f1a en su totalidad.<\/p>\n<p>Un ejemplo reciente de acci\u00f3n anti-sexista y anti-discriminatoria fue promovido por usuarixs de Facebook y Twitter que en abril de 2016 denunciaron al spot \u00abSoy un trabajador\u00bb de las zapatillas <strong>John Foos.<\/strong> El aviso, producido por Idealismo Contenidos, transmit\u00eda un mensaje sexista y discriminatorio hacia las mujeres con sobrepeso. En este caso la denuncia surgi\u00f3 de una de las propias protagonistas del comercial, la modelo plus size Brenda Mato, convocada con la consigna de que su participaci\u00f3n consistir\u00eda en besar a un chico en una fiesta, pero que no fue informada sobre la locuci\u00f3n que acompa\u00f1ar\u00eda a la escena. Y la locuci\u00f3n expresaba que \u00abun trabajador\u00bb es aquel var\u00f3n que \u00able entra derecho a cualquier cosa\u00bb, <strong>estableciendo una comparaci\u00f3n entre una chica de talla grande y una \u00abcosa\u00bb valorada despectivamente.<\/strong> Los reclamos que circularon por las redes y las denuncias presentadas ante el INADI, el Observatorio de la Discriminaci\u00f3n en Radio y TV (ENACOM) y la Defensor\u00eda del P\u00fablico de Servicios de Comunicaci\u00f3n Audiovisual motivaron que la marca debiera retirar r\u00e1pidamente el anuncio &#8211;pautado en internet en el momento de su estreno- y modificar la escena y la locuci\u00f3n para poder continuar con la campa\u00f1a.<\/p>\n<p><b>Resto de Iberoam\u00e9rica<\/b><\/p>\n<p><a href=\"https:\/\/www.comunicarigualdad.com.ar\/agenciaceci\/wp-content\/uploads\/2017\/03\/Imagen-4-Medit-Digital.png\"><img decoding=\"async\" class=\"alignleft size-full wp-image-504\" src=\"https:\/\/www.comunicarigualdad.com.ar\/agenciaceci\/wp-content\/uploads\/2017\/03\/Imagen-4-Medit-Digital.png\" alt=\"\" width=\"393\" height=\"583\" srcset=\"https:\/\/www.comunicarigualdad.com.ar\/agenciaceci\/wp-content\/uploads\/2017\/03\/Imagen-4-Medit-Digital.png 393w, https:\/\/www.comunicarigualdad.com.ar\/agenciaceci\/wp-content\/uploads\/2017\/03\/Imagen-4-Medit-Digital-202x300.png 202w\" sizes=\"(max-width: 393px) 100vw, 393px\" \/><\/a><\/p>\n<p>En Espa\u00f1a, en enero de este a\u00f1o la usuaria de Twitter Cristina Hern\u00e1ndez logr\u00f3, a trav\u00e9s de esa red social, que <strong>cuatro importantes empresas retirasen su publicidad del peri\u00f3dico online Mediterr\u00e1neo Digital por la publicaci\u00f3n de una nota de claro corte machista titulada \u00ab\u00bfPor qu\u00e9 las feministas son m\u00e1s feas que las mujeres normales?\u00bb.<\/strong> Luego de dar con este ofensivo art\u00edculo, Hern\u00e1ndez tom\u00f3 capturas de pantalla de cinco banners publicitarios que aparec\u00edan en la web, solicit\u00f3 a cada una de las marcas que dejaran de pautar en el medio digital e invit\u00f3 a sus seguidoras\/es a que apoyaran la iniciativa. Las respuestas llegaron de inmediato. Las automotrices Toyota y Nissan y la inmobiliaria Anida Vivienda &#8211;del grupo BBVA- comunicaron que proced\u00edan a retirar sus campa\u00f1as de la mencionada web. La compa\u00f1\u00eda de seguros L\u00ednea Directa, luego de analizar la situaci\u00f3n, tambi\u00e9n decidi\u00f3 dar de baja su pauta publicitaria y expres\u00f3 en la red social: \u00abRetiramos la publicidad de Mediterr\u00e1neo Digital, ya que en ning\u00fan caso queremos que nadie se sienta ofendido\u00bb. S\u00f3lo la compa\u00f1\u00eda a\u00e9rea Norwegian Airlines posterg\u00f3 la decisi\u00f3n alegando que la aparici\u00f3n de su publicidad en la web del peri\u00f3dico no avala las opiniones all\u00ed manifestadas y que m\u00e1s bien se debe al uso de estrategias de colocaci\u00f3n de anuncios basados en el historial de navegaci\u00f3n del usuario\/a.<\/p>\n<p>En Bolivia, es reconocida la trayectoria sexista de la marca de muebles <strong>Corimexo, que bajo su slogan \u00ab100% Cuero\u00bb cada temporada renueva spots que presentan a distintas modelos exhibiendo sus cuerpos desnudos, mostrando los productos de la marca.<\/strong> Si bien los reclamos del p\u00fablico sobre la forma de comunicar el concepto de esta marca se hacen o\u00edr desde hace ya varios a\u00f1os, la novedad radica en que en 2016 una organizaci\u00f3n feminista present\u00f3 una demanda penal contra los propietarios de la compa\u00f1\u00eda y contra el publicista responsable por la campa\u00f1a Miguel Ch\u00e1vez, uno de los profesionales de la publicidad m\u00e1s importantes de Bolivia y actualmente propietario de un canal de televisi\u00f3n. En 2014 Corimexo fue se\u00f1alada como <strong>una de las <img loading=\"lazy\" decoding=\"async\" class=\"alignright wp-image-505 size-medium\" src=\"https:\/\/www.comunicarigualdad.com.ar\/agenciaceci\/wp-content\/uploads\/2017\/03\/Imagen-5-Corimexo-300x144.jpg\" alt=\"\" width=\"300\" height=\"144\" srcset=\"https:\/\/www.comunicarigualdad.com.ar\/agenciaceci\/wp-content\/uploads\/2017\/03\/Imagen-5-Corimexo-300x144.jpg 300w, https:\/\/www.comunicarigualdad.com.ar\/agenciaceci\/wp-content\/uploads\/2017\/03\/Imagen-5-Corimexo-768x368.jpg 768w, https:\/\/www.comunicarigualdad.com.ar\/agenciaceci\/wp-content\/uploads\/2017\/03\/Imagen-5-Corimexo.jpg 917w\" sizes=\"(max-width: 300px) 100vw, 300px\" \/>cuatro firmas m\u00e1s sexistas del pa\u00eds en un estudio realizado por la ONG espa\u00f1ola Alianza por la Solidaridad,<\/strong> que analiz\u00f3 publicidades que utilizaban el cuerpo de la mujer como un objeto, ejerciendo la violencia simb\u00f3lica contra las mujeres. El publicista a cargo del spot &#8211;un corto de casi 4 minutos- tambi\u00e9n recibi\u00f3 duras cr\u00edticas de parte de sus colegas y lleg\u00f3 a dar explicaciones en programas de TV en los que tambi\u00e9n fue muy cuestionado. Mujeres creando, la asociaci\u00f3n querellante, afirma que la demanda se realiz\u00f3 apelando a la Ley 348 contra la Violencia hacia las Mujeres que tipifica como delito la \u00abviolencia feminicida\u00bb y la \u00abviolencia medi\u00e1tica\u00bb y que coincide con los delitos de \u00ablesiones graves y leves\u00bb del C\u00f3digo Penal de Bolivia.<\/p>\n","protected":false},"excerpt":{"rendered":"<p>&nbsp; En los \u00faltimos a\u00f1os ha aumentado en Argentina y el resto de Iboeram\u00e9rica el rechazo al sexismo publicitario. De la mano de una mayor conciencia y sensibilidad de las poblaciones sobre los derechos humanos vinculados a temas de g\u00e9nero, que en muchos pa\u00edses tiene correlato en normas que tipifican la violencia medi\u00e1tica y el [&hellip;]<\/p>\n","protected":false},"author":1,"featured_media":517,"comment_status":"open","ping_status":"open","sticky":false,"template":"","format":"standard","meta":{"_acf_changed":false,"footnotes":""},"categories":[1],"tags":[25,27,24,7,28,26,29],"class_list":["post-500","post","type-post","status-publish","format-standard","has-post-thumbnail","hentry","category-uncategorized","tag-axe","tag-corimexo","tag-fiorucci","tag-john-foos","tag-mediterraneo-digital","tag-redes-sociales","tag-schneider"],"acf":[],"_links":{"self":[{"href":"https:\/\/www.comunicarigualdad.com.ar\/agenciaceci\/wp-json\/wp\/v2\/posts\/500","targetHints":{"allow":["GET"]}}],"collection":[{"href":"https:\/\/www.comunicarigualdad.com.ar\/agenciaceci\/wp-json\/wp\/v2\/posts"}],"about":[{"href":"https:\/\/www.comunicarigualdad.com.ar\/agenciaceci\/wp-json\/wp\/v2\/types\/post"}],"author":[{"embeddable":true,"href":"https:\/\/www.comunicarigualdad.com.ar\/agenciaceci\/wp-json\/wp\/v2\/users\/1"}],"replies":[{"embeddable":true,"href":"https:\/\/www.comunicarigualdad.com.ar\/agenciaceci\/wp-json\/wp\/v2\/comments?post=500"}],"version-history":[{"count":8,"href":"https:\/\/www.comunicarigualdad.com.ar\/agenciaceci\/wp-json\/wp\/v2\/posts\/500\/revisions"}],"predecessor-version":[{"id":534,"href":"https:\/\/www.comunicarigualdad.com.ar\/agenciaceci\/wp-json\/wp\/v2\/posts\/500\/revisions\/534"}],"wp:featuredmedia":[{"embeddable":true,"href":"https:\/\/www.comunicarigualdad.com.ar\/agenciaceci\/wp-json\/wp\/v2\/media\/517"}],"wp:attachment":[{"href":"https:\/\/www.comunicarigualdad.com.ar\/agenciaceci\/wp-json\/wp\/v2\/media?parent=500"}],"wp:term":[{"taxonomy":"category","embeddable":true,"href":"https:\/\/www.comunicarigualdad.com.ar\/agenciaceci\/wp-json\/wp\/v2\/categories?post=500"},{"taxonomy":"post_tag","embeddable":true,"href":"https:\/\/www.comunicarigualdad.com.ar\/agenciaceci\/wp-json\/wp\/v2\/tags?post=500"}],"curies":[{"name":"wp","href":"https:\/\/api.w.org\/{rel}","templated":true}]}}